{"id":5232,"date":"2024-09-06T13:05:01","date_gmt":"2024-09-06T11:05:01","guid":{"rendered":"https:\/\/juntaelectoral.umh.es\/?p=5232"},"modified":"2024-09-06T13:05:01","modified_gmt":"2024-09-06T11:05:01","slug":"publicacion-del-censo-para-la-eleccion-del-director-a-del-departamento-de-produccion-vegetal-y-microbiologia","status":"publish","type":"post","link":"https:\/\/juntaelectoral.umh.es\/ca\/2024\/09\/06\/publicacion-del-censo-para-la-eleccion-del-director-a-del-departamento-de-produccion-vegetal-y-microbiologia\/","title":{"rendered":"<span lang=\"es\">(Espa\u00f1ol) Publicaci\u00f3n del censo para la elecci\u00f3n del  director\/a del departamento de Producci\u00f3n Vegetal y Microbiolog\u00eda<\/span>"},"content":{"rendered":"<p class=\"qtranxs-available-languages-message qtranxs-available-languages-message-ca\">Ho sentim, aquesta entrada es troba disponible \u00fanicament en <a href=\"https:\/\/juntaelectoral.umh.es\/es\/wp-json\/wp\/v2\/posts\/5232\" class=\"qtranxs-available-language-link qtranxs-available-language-link-es\" title=\"Espa\u00f1ol\">Espanyol Europeu<\/a>.<\/p>","protected":false},"excerpt":{"rendered":"<p>Ho sentim, aquesta entrada es troba disponible \u00fanicament en Espanyol Europeu.<\/p>\n","protected":false},"author":188,"featured_media":0,"comment_status":"closed","ping_status":"open","sticky":false,"template":"","format":"standard","meta":{"_links_to":"","_links_to_target":""},"categories":[1206,219,228],"tags":[],"_links":{"self":[{"href":"https:\/\/juntaelectoral.umh.es\/ca\/wp-json\/wp\/v2\/posts\/5232"}],"collection":[{"href":"https:\/\/juntaelectoral.umh.es\/ca\/wp-json\/wp\/v2\/posts"}],"about":[{"href":"https:\/\/juntaelectoral.umh.es\/ca\/wp-json\/wp\/v2\/types\/post"}],"author":[{"embeddable":true,"href":"https:\/\/juntaelectoral.umh.es\/ca\/wp-json\/wp\/v2\/users\/188"}],"replies":[{"embeddable":true,"href":"https:\/\/juntaelectoral.umh.es\/ca\/wp-json\/wp\/v2\/comments?post=5232"}],"version-history":[{"count":0,"href":"https:\/\/juntaelectoral.umh.es\/ca\/wp-json\/wp\/v2\/posts\/5232\/revisions"}],"wp:attachment":[{"href":"https:\/\/juntaelectoral.umh.es\/ca\/wp-json\/wp\/v2\/media?parent=5232"}],"wp:term":[{"taxonomy":"category","embeddable":true,"href":"https:\/\/juntaelectoral.umh.es\/ca\/wp-json\/wp\/v2\/categories?post=5232"},{"taxonomy":"post_tag","embeddable":true,"href":"https:\/\/juntaelectoral.umh.es\/ca\/wp-json\/wp\/v2\/tags?post=5232"}],"curies":[{"name":"wp","href":"https:\/\/api.w.org\/{rel}","templated":true}]}}